{"id":28172,"date":"2023-09-07T11:46:02","date_gmt":"2023-09-07T09:46:02","guid":{"rendered":"https:\/\/pri.mpci.gov.gn\/?p=28172"},"modified":"2024-01-30T16:18:30","modified_gmt":"2024-01-30T15:18:30","slug":"table-ronde-des-bailleurs-de-fonds-sur-le-programme-de-reference-interimaire-pri-2024","status":"publish","type":"post","link":"https:\/\/pri.mpci.gov.gn\/index.php\/2023\/09\/07\/table-ronde-des-bailleurs-de-fonds-sur-le-programme-de-reference-interimaire-pri-2024\/","title":{"rendered":"Table Ronde des Bailleurs de fonds sur le Programme de R\u00e9f\u00e9rence Int\u00e9rimaire (PRI) 2024"},"content":{"rendered":"\r\n<div class=\"wp-block-group\"><div class=\"wp-block-group__inner-container is-layout-constrained wp-block-group-is-layout-constrained\">\r\n<p>Les autorit\u00e9s de la Transition ont adopt\u00e9 le\u00a0<strong>Programme de R\u00e9f\u00e9rence Int\u00e9rimaire<\/strong>\u00a0(PRI) afin d\u2019inscrire l\u2019action publique de la p\u00e9riode\u00a0<strong>2022-2025<\/strong>, dans la trajectoire d\u00e9finie par :<\/p>\r\n\r\n\r\n\r\n<ul class=\"wp-block-list\">\r\n<li>la Vision Guin\u00e9e 2040 ;<\/li>\r\n\r\n\r\n\r\n<li>les Objectifs de D\u00e9veloppement Durable (ODD) \u00e0 l\u2019horizon 2030 ;<\/li>\r\n\r\n\r\n\r\n<li>la Vision 2050 de la Communaut\u00e9 \u00c9conomique des \u00c9tats de l\u2019Afrique de l\u2019Ouest (CEDEAO) ;<\/li>\r\n\r\n\r\n\r\n<li>l\u2019Agenda 2063 de l\u2019Union Africaine (UA) ;<\/li>\r\n\r\n\r\n\r\n<li>et les autres r\u00e9f\u00e9rentiels de d\u00e9veloppement international.<\/li>\r\n<\/ul>\r\n\r\n\r\n\r\n<p>Align\u00e9 sur la Charte de la Transition et faisant suite au\u00a0<strong>PNDES 2016-2020<\/strong>,\u00a0<strong>le PRI a pour finalit\u00e9 de<\/strong>\u00a0:\u00a0<\/p>\r\n\r\n\r\n\r\n<ul class=\"wp-block-list\">\r\n<li>d\u00e9cliner la feuille de route du Gouvernement en actions coh\u00e9rentes dans les diff\u00e9rents secteurs<\/li>\r\n\r\n\r\n\r\n<li>disposer d\u2019un r\u00e9f\u00e9rentiel unique pour l\u2019allocation des ressources budg\u00e9taires\u00a0<\/li>\r\n\r\n\r\n\r\n<li>doter le Gouvernement, d\u2019un support de dialogue avec les partenaires au d\u00e9veloppement\u00a0<\/li>\r\n\r\n\r\n\r\n<li>d\u00e9finir un cadre de suivi et d\u2019\u00e9valuation de l\u2019action publique au cours de la p\u00e9riode de Transition<\/li>\r\n<\/ul>\r\n\r\n\r\n\r\n<p><strong>La strat\u00e9gie du PRI r\u00e9pond \u00e0 3 d\u00e9fis<\/strong>\u00a0:<\/p>\r\n\r\n\r\n\r\n<ul class=\"wp-block-list\">\r\n<li>D\u00e9fis institutionnels<\/li>\r\n\r\n\r\n\r\n<li>D\u00e9fis infrastructurels, et<\/li>\r\n\r\n\r\n\r\n<li>D\u00e9fis transformationnels<\/li>\r\n<\/ul>\r\n<\/div><\/div>\r\n\r\n\r\n<hr class=\"wp-block-separator has-alpha-channel-opacity\" \/>\r\n\r\n\r\n<div class=\"wp-block-cover\"><img fetchpriority=\"high\" decoding=\"async\" width=\"1200\" height=\"764\" class=\"wp-block-cover__image-background wp-image-27912\" src=\"https:\/\/pri.mpci.gov.gn\/wp-content\/uploads\/2021\/11\/past_1.jpg\" alt=\"\" data-object-fit=\"cover\" srcset=\"https:\/\/pri.mpci.gov.gn\/wp-content\/uploads\/2021\/11\/past_1.jpg 1200w, https:\/\/pri.mpci.gov.gn\/wp-content\/uploads\/2021\/11\/past_1-600x382.jpg 600w, https:\/\/pri.mpci.gov.gn\/wp-content\/uploads\/2021\/11\/past_1-300x191.jpg 300w, https:\/\/pri.mpci.gov.gn\/wp-content\/uploads\/2021\/11\/past_1-1024x652.jpg 1024w, https:\/\/pri.mpci.gov.gn\/wp-content\/uploads\/2021\/11\/past_1-768x489.jpg 768w\" sizes=\"(max-width: 1200px) 100vw, 1200px\" \/>\r\n<div class=\"wp-block-cover__inner-container is-layout-constrained wp-block-cover-is-layout-constrained\">\r\n<h2 class=\"wp-block-heading has-text-align-center has-large-font-size\">L\u2019objectif global assign\u00e9 au PRI est de <strong>contribuer \u00e0 l\u2019av\u00e8nement d\u2019une Guin\u00e9e plus r\u00e9siliente aux facteurs de fragilit\u00e9 politique, \u00e9conomique, soci\u00e9tale et environnementale<\/strong>.<\/h2>\r\n<\/div>\r\n<\/div>\r\n\r\n\r\n\r\n<p>Les autorit\u00e9s de la Transition con\u00e7oivent la Table Ronde des Bailleurs de fonds, comme <strong>un cadre de dialogue de haut niveau entre le Gouvernement et les partenaires techniques et financiers (PTF) du pays<\/strong>, sur les politiques, programmes et projets de d\u00e9veloppement, dans un but de mobilisation de ressources financi\u00e8res et de promotion de partenariats strat\u00e9giques mutuellement avantageux.<\/p>\r\n\r\n\r\n\r\n<figure class=\"wp-block-image size-large\"><img decoding=\"async\" width=\"1024\" height=\"193\" class=\"wp-image-27812\" src=\"https:\/\/pri.mpci.gov.gn\/wp-content\/uploads\/2021\/11\/subscribesses-1024x193.jpg\" alt=\"\" srcset=\"https:\/\/pri.mpci.gov.gn\/wp-content\/uploads\/2021\/11\/subscribesses-1024x193.jpg 1024w, https:\/\/pri.mpci.gov.gn\/wp-content\/uploads\/2021\/11\/subscribesses-600x113.jpg 600w, https:\/\/pri.mpci.gov.gn\/wp-content\/uploads\/2021\/11\/subscribesses-300x56.jpg 300w, https:\/\/pri.mpci.gov.gn\/wp-content\/uploads\/2021\/11\/subscribesses-768x144.jpg 768w, https:\/\/pri.mpci.gov.gn\/wp-content\/uploads\/2021\/11\/subscribesses.jpg 1170w\" sizes=\"(max-width: 1024px) 100vw, 1024px\" \/><\/figure>\r\n\r\n\r\n\r\n<p><strong>En organisant la Table Ronde sur le PRI, les autorit\u00e9s de la Transition poursuivent les objectifs suivants :<\/strong><\/p>\r\n\r\n\r\n\r\n<ul class=\"wp-block-list\">\r\n<li>Pr\u00e9senter aux bailleurs de fonds, <strong>les priorit\u00e9s de d\u00e9veloppement de la Transition.<\/strong><\/li>\r\n\r\n\r\n\r\n<li><strong>Obtenir l\u2019adh\u00e9sion de ces bailleurs<\/strong> sur les choix strat\u00e9giques et les orientations programmatiques qui permettront de concr\u00e9tiser ces priorit\u00e9s.<\/li>\r\n\r\n\r\n\r\n<li><strong>Couvrir les besoins de financement du PRI<\/strong> et mobiliser des ressources additionnelles pour financer les projets phares de la Transition.<\/li>\r\n<\/ul>\r\n\r\n\r\n<hr class=\"wp-block-separator has-alpha-channel-opacity\" \/>\r\n\r\n\r\n<p>Le co\u00fbt global du PRI compatible avec le cadrage macro\u00e9conomique \u00e9labor\u00e9 sur la p\u00e9riode de la Transition, est de <strong>108\u00a0000 milliards GNF, soit 12\u00a0273 millions de dollars des \u00c9tats-Unis (USD)<\/strong>.<\/p>\r\n\r\n\r\n\r\n<p>Les capacit\u00e9s nationales de mobilisation de ressources publiques permettront de disposer d\u2019un montant de 78 000 milliards GNF soit<strong> 72%<\/strong> de ce montant.<\/p>\r\n\r\n\r\n\r\n<p>Il en r\u00e9sulte un besoin de <strong>30 000 milliards GNF (soit 3 409 millions dollars USD)<\/strong>.<\/p>\r\n\r\n\r\n<hr class=\"wp-block-separator has-alpha-channel-opacity\" \/>\r\n\r\n\r\n<div class=\"wp-block-columns is-layout-flex wp-container-core-columns-is-layout-9d6595d7 wp-block-columns-is-layout-flex\">\r\n<div class=\"wp-block-column is-layout-flow wp-block-column-is-layout-flow\" style=\"flex-basis: 33.33%;\">\r\n<figure class=\"wp-block-image size-full is-resized\"><img decoding=\"async\" width=\"512\" height=\"513\" class=\"wp-image-28174\" style=\"width: 274px; height: 274px;\" src=\"https:\/\/pri.mpci.gov.gn\/wp-content\/uploads\/2023\/09\/location.png\" alt=\"\" srcset=\"https:\/\/pri.mpci.gov.gn\/wp-content\/uploads\/2023\/09\/location.png 512w, https:\/\/pri.mpci.gov.gn\/wp-content\/uploads\/2023\/09\/location-300x300.png 300w, https:\/\/pri.mpci.gov.gn\/wp-content\/uploads\/2023\/09\/location-150x150.png 150w, https:\/\/pri.mpci.gov.gn\/wp-content\/uploads\/2023\/09\/location-500x500.png 500w, https:\/\/pri.mpci.gov.gn\/wp-content\/uploads\/2023\/09\/location-100x100.png 100w\" sizes=\"(max-width: 512px) 100vw, 512px\" \/><\/figure>\r\n<\/div>\r\n\r\n\r\n\r\n<div class=\"wp-block-column is-vertically-aligned-center is-layout-flow wp-block-column-is-layout-flow\" style=\"flex-basis: 66.66%;\">\r\n<div class=\"wp-block-group is-vertical is-layout-flex wp-container-core-group-is-layout-8cf370e7 wp-block-group-is-layout-flex\">\r\n<p class=\"has-medium-font-size\"><strong>Date : 15, 16 F\u00e9vrier 2024<\/strong><\/p>\r\n\r\n\r\n\r\n<p>&nbsp;<\/p>\r\n\r\n\r\n\r\n<p class=\"has-medium-font-size wp-container-content-9cfa9a5a\"><strong>Lieu : DUBA\u00cf<\/strong><\/p>\r\n<\/div>\r\n<\/div>\r\n<\/div>\r\n\r\n\r\n\r\n<div class=\"wp-block-cover is-light wp-duotone-rgb15336-rgb012686-1\"><img loading=\"lazy\" decoding=\"async\" width=\"1080\" height=\"720\" class=\"wp-block-cover__image-background wp-image-28480\" src=\"https:\/\/pri.mpci.gov.gn\/wp-content\/uploads\/2023\/09\/port.webp\" alt=\"\" data-object-fit=\"cover\" srcset=\"https:\/\/pri.mpci.gov.gn\/wp-content\/uploads\/2023\/09\/port.webp 1080w, https:\/\/pri.mpci.gov.gn\/wp-content\/uploads\/2023\/09\/port-300x200.webp 300w, https:\/\/pri.mpci.gov.gn\/wp-content\/uploads\/2023\/09\/port-1024x683.webp 1024w, https:\/\/pri.mpci.gov.gn\/wp-content\/uploads\/2023\/09\/port-768x512.webp 768w, https:\/\/pri.mpci.gov.gn\/wp-content\/uploads\/2023\/09\/port-365x243.webp 365w, https:\/\/pri.mpci.gov.gn\/wp-content\/uploads\/2023\/09\/port-600x400.webp 600w\" sizes=\"(max-width: 1080px) 100vw, 1080px\" \/>\r\n<div class=\"wp-block-cover__inner-container is-layout-constrained wp-block-cover-is-layout-constrained\">\r\n<p class=\"has-text-align-center has-large-font-size\"><strong><mark class=\"has-inline-color has-white-color\" style=\"background-color: rgba(0, 0, 0, 0);\">Contact : +224664013230 | Email : contact@mpci.gouv.gn<\/mark><\/strong><\/p>\r\n<\/div>\r\n<\/div>\r\n\r\n\r\n","protected":false},"excerpt":{"rendered":"<p>Les autorit\u00e9s de la Transition ont adopt\u00e9 le\u00a0Programme de R\u00e9f\u00e9rence Int\u00e9rimaire\u00a0(PRI) afin d\u2019inscrire l\u2019action publique de la p\u00e9riode\u00a02022-2025, dans la trajectoire d\u00e9finie par : Align\u00e9 sur la Charte de la Transition et faisant suite au\u00a0PNDES 2016-2020,\u00a0le PRI a pour finalit\u00e9 de\u00a0:\u00a0 La strat\u00e9gie du PRI r\u00e9pond \u00e0 3 d\u00e9fis\u00a0: Les autorit\u00e9s de la Transition con\u00e7oivent&#8230;<\/p>\n","protected":false},"author":1,"featured_media":28475,"comment_status":"closed","ping_status":"closed","sticky":false,"template":"","format":"standard","meta":{"footnotes":""},"categories":[40],"tags":[38,36,41,39,37],"class_list":["post-28172","post","type-post","status-publish","format-standard","has-post-thumbnail","hentry","category-evenements","tag-bailleurs-de-fonds","tag-evenement","tag-gouvernement-de-la-republique-de-guinee","tag-programme-de-reference-interimaire","tag-table-ronde"],"_links":{"self":[{"href":"https:\/\/pri.mpci.gov.gn\/index.php\/wp-json\/wp\/v2\/posts\/28172","targetHints":{"allow":["GET"]}}],"collection":[{"href":"https:\/\/pri.mpci.gov.gn\/index.php\/wp-json\/wp\/v2\/posts"}],"about":[{"href":"https:\/\/pri.mpci.gov.gn\/index.php\/wp-json\/wp\/v2\/types\/post"}],"author":[{"embeddable":true,"href":"https:\/\/pri.mpci.gov.gn\/index.php\/wp-json\/wp\/v2\/users\/1"}],"replies":[{"embeddable":true,"href":"https:\/\/pri.mpci.gov.gn\/index.php\/wp-json\/wp\/v2\/comments?post=28172"}],"version-history":[{"count":8,"href":"https:\/\/pri.mpci.gov.gn\/index.php\/wp-json\/wp\/v2\/posts\/28172\/revisions"}],"predecessor-version":[{"id":28962,"href":"https:\/\/pri.mpci.gov.gn\/index.php\/wp-json\/wp\/v2\/posts\/28172\/revisions\/28962"}],"wp:featuredmedia":[{"embeddable":true,"href":"https:\/\/pri.mpci.gov.gn\/index.php\/wp-json\/wp\/v2\/media\/28475"}],"wp:attachment":[{"href":"https:\/\/pri.mpci.gov.gn\/index.php\/wp-json\/wp\/v2\/media?parent=28172"}],"wp:term":[{"taxonomy":"category","embeddable":true,"href":"https:\/\/pri.mpci.gov.gn\/index.php\/wp-json\/wp\/v2\/categories?post=28172"},{"taxonomy":"post_tag","embeddable":true,"href":"https:\/\/pri.mpci.gov.gn\/index.php\/wp-json\/wp\/v2\/tags?post=28172"}],"curies":[{"name":"wp","href":"https:\/\/api.w.org\/{rel}","templated":true}]}}